{"id":4251,"date":"2023-04-14T08:30:43","date_gmt":"2023-04-14T06:30:43","guid":{"rendered":"https:\/\/cyclemadrid.com\/?p=4251"},"modified":"2023-04-13T10:39:29","modified_gmt":"2023-04-13T08:39:29","slug":"como-llevar-la-bici-en-el-coche-de-forma-segura","status":"publish","type":"post","link":"https:\/\/cyclemadrid.com\/es\/como-llevar-la-bici-en-el-coche-de-forma-segura\/","title":{"rendered":"C\u00f3mo llevar la bici en el coche de forma segura y cumpliendo las normas"},"content":{"rendered":"<p>Abramos un mel\u00f3n.<\/p>\n<p>Si eres amante del cicloturismo, sabr\u00e1s que a veces necesitas llevarte la bici en coche para empezar una ruta en un punto lejano.<\/p>\n<p>Es lo mejor cuando el camino no empieza en la puerta de tu casa.<\/p>\n<p>Para que no armes la marimorena, en este art\u00edculo vas a descubrir:<\/p>\n<ul>\n<li>Varias formas de llevar la bici en tu coche de forma segura y cumpliendo el reglamento.<\/li>\n<li>Qu\u00e9 dice la ley sobre llevar la bici en el coche y qu\u00e9 multas te pueden poner.<\/li>\n<\/ul>\n<p>\u00a1Vamos a rodar!<\/p>\n<h2><strong>6 formas seguras y legales de llevar tu bici en el coche <\/strong><\/h2>\n<p>Estas son las formas m\u00e1s seguras (y legales) para transportar tu bicicleta en coche.<\/p>\n<h3><strong>#1 Llevar la bicicleta dentro del coche<\/strong><\/h3>\n<p><strong>Llevar la bicicleta dentro del coche es lo m\u00e1s f\u00e1cil si no tienes portabicicletas<\/strong> y consideras que no te merece la pena comprarlo porque apenas lo vas a usar.<\/p>\n<p>Si el autom\u00f3vil es grande, puedes meterla en el maletero (abatiendo los asientos en caso necesario).<\/p>\n<p>Sin embargo, este sistema cuenta con algunos inconvenientes:<\/p>\n<ul>\n<li>A veces hay que quitar una o ambas ruedas para que entre.<\/li>\n<li>Te quedas sin espacio en el maletero para otras cosas.<\/li>\n<li>Puedes manchar tu coche de grasa o tierra.<\/li>\n<\/ul>\n<h3><strong>#2 Utilizar un portabicicletas de port\u00f3n trasero<\/strong><\/h3>\n<p>Seg\u00fan el modelo, este portabicicletas permite cargar entre una y cuatro bicis.<\/p>\n<p>\u00bfLo bueno?<\/p>\n<p><strong>Que es econ\u00f3mico y que tienes espacio en el maletero para echar todo lo que necesitas.<\/strong><\/p>\n<p>\u00bfLo malo?<\/p>\n<p>Que necesitas desmontarlo para abrir el maletero y hacerlo es un poco l\u00edo.<\/p>\n<p>Adem\u00e1s, puedes ara\u00f1ar la carrocer\u00eda.<\/p>\n<p>Al final del post te indicamos algunas consideraciones que debes tener en cuenta para cumplir con la ley (entre otras, llevar la se\u00f1al V-20 para se\u00f1alizar la carga trasera).<\/p>\n<h3><strong>#3 Portabicicletas para la bola del remolque<\/strong><\/h3>\n<p>Aunque es m\u00e1s caro que el m\u00e9todo anterior, <strong>es m\u00e1s c\u00f3modo porque permite abrir el maletero sin descargar las bicicletas <\/strong>(y puedes llevar hasta cuatro).<\/p>\n<p>Eso s\u00ed, necesitas instalar una bola de remolque.<\/p>\n<p>Debes tener en cuenta que las bicis no pueden sobresalir m\u00e1s de un 15% de la longitud del coche y tambi\u00e9n necesitas la se\u00f1al V-20.<\/p>\n<p>Vamos a por m\u00e1s\u2026<\/p>\n<h4><strong>#4 Utilizar un portabicicletas para el techo del veh\u00edculo<\/strong><\/h4>\n<p><strong>Este es el m\u00e1s f\u00e1cil y r\u00e1pido de montar.<\/strong><\/p>\n<p>Adem\u00e1s, puedes utilizar el maletero sin problema y llevar todo lo que haga falta.<\/p>\n<p>La ley es bastante laxa con este sistema; solamente exige que vaya bien sujeta para que no se caiga.<\/p>\n<p>Pero no es oro todo lo que reluce, ya que tambi\u00e9n tiene algunos inconvenientes:<\/p>\n<ul>\n<li>Puedes olvidarte de que llevas las bicicletas y no tenerlo en cuenta en t\u00faneles o parkings. \u00a1Ojito con eso!<\/li>\n<li>Resulta m\u00e1s inc\u00f3modo cargar las bicicletas, sobre todo si no eres una persona alta.<\/li>\n<li>Repercute en la aerodin\u00e1mica del veh\u00edculo, por lo que consumir\u00e1s m\u00e1s carburante.<\/li>\n<\/ul>\n<p><img loading=\"lazy\" decoding=\"async\" class=\"aligncenter wp-image-4255\" src=\"https:\/\/cyclemadrid.com\/wp-content\/uploads\/2023\/04\/llevar-bici-en-el-coche.jpg\" alt=\"Coche negro que lleva bicicletas en portabicicletas del techo\" width=\"850\" height=\"567\" srcset=\"https:\/\/cyclemadrid.com\/wp-content\/uploads\/2023\/04\/llevar-bici-en-el-coche.jpg 1125w, https:\/\/cyclemadrid.com\/wp-content\/uploads\/2023\/04\/llevar-bici-en-el-coche-300x200.jpg 300w, https:\/\/cyclemadrid.com\/wp-content\/uploads\/2023\/04\/llevar-bici-en-el-coche-1024x683.jpg 1024w, https:\/\/cyclemadrid.com\/wp-content\/uploads\/2023\/04\/llevar-bici-en-el-coche-768x512.jpg 768w, https:\/\/cyclemadrid.com\/wp-content\/uploads\/2023\/04\/llevar-bici-en-el-coche-320x213.jpg 320w, https:\/\/cyclemadrid.com\/wp-content\/uploads\/2023\/04\/llevar-bici-en-el-coche-480x320.jpg 480w, https:\/\/cyclemadrid.com\/wp-content\/uploads\/2023\/04\/llevar-bici-en-el-coche-800x533.jpg 800w\" sizes=\"auto, (max-width: 850px) 100vw, 850px\" \/><\/p>\n<h3><strong>#5 Portabicicletas en remolque<\/strong><\/h3>\n<p>Si cuentas con un remolque, tambi\u00e9n puedes aprovecharlo para llevar tus bicicletas.<\/p>\n<p>\u00bfCu\u00e1les son las ventajas?<\/p>\n<p><strong>Puedes llevar m\u00e1s bicicletas y tambi\u00e9n m\u00e1s carga,<\/strong> \u00fatil si necesitas tambi\u00e9n tiendas de campa\u00f1a o material para tus rutas.<\/p>\n<p>\u00bfCu\u00e1les son los inconvenientes?<\/p>\n<p>Si no posees remolque, es una alternativa bastante cara.<\/p>\n<p>Adem\u00e1s, te costar\u00e1 aparcar y maniobrar m\u00e1s que con un portabicicletas.<\/p>\n<p>En este caso, debes tener en cuenta la normativa espec\u00edfica para remolques.<\/p>\n<h3><strong>#6 Portabicicletas integrado<\/strong><\/h3>\n<p>Hemos dejado para el final el portabicicletas integrado porque es una especie raruna.<\/p>\n<p>Este sistema queda integrado en el coche, por lo que es bastante c\u00f3modo.<\/p>\n<p>\u00bfPor qu\u00e9 es un <em>rara avis<\/em>?<\/p>\n<p>Porque actualmente solo Opel ofrece este equipamiento con el sistema FlexFix.<\/p>\n<p>Si tu coche es de esta marca, \u00a1est\u00e1s de suerte!<\/p>\n<h2><strong>Reglamento b\u00e1sico que debes conocer sobre llevar la bici en el coche <\/strong><\/h2>\n<p>Sabemos que el bolsillo es donde m\u00e1s duele.<\/p>\n<p>Por eso, queremos contarte que pueden ponerte una <strong>multa de entre<\/strong> <strong>80 y 200 euros por no llevar la bicicleta correctamente.<\/strong><\/p>\n<p>Si llevas portabicicletas trasero o portabicicletas en la bola del remolque, debes tener esto en cuenta:<\/p>\n<ul>\n<li>El portabicicletas no debe tapar la matr\u00edcula (si la tapa, debes llevar una matr\u00edcula supletoria y luces en el portabicicletas).<\/li>\n<li>Las bicicletas no pueden sobresalir por los laterales (si lo hace, hay que quitar una o ambas ruedas).<\/li>\n<li>Debes utilizar la se\u00f1al V-20 para indicar que llevas carga trasera. Es la que ves a continuaci\u00f3n.<\/li>\n<\/ul>\n<p><img loading=\"lazy\" decoding=\"async\" class=\"aligncenter wp-image-4257\" src=\"https:\/\/cyclemadrid.com\/wp-content\/uploads\/2023\/04\/llevar-la-bici-en-el-coche.png\" alt=\"Se\u00f1al V-20 roja y blanca necesaria para indicar que se lleva bici en el coche en la parte trasera\" width=\"850\" height=\"567\" srcset=\"https:\/\/cyclemadrid.com\/wp-content\/uploads\/2023\/04\/llevar-la-bici-en-el-coche.png 1125w, https:\/\/cyclemadrid.com\/wp-content\/uploads\/2023\/04\/llevar-la-bici-en-el-coche-300x200.png 300w, https:\/\/cyclemadrid.com\/wp-content\/uploads\/2023\/04\/llevar-la-bici-en-el-coche-1024x683.png 1024w, https:\/\/cyclemadrid.com\/wp-content\/uploads\/2023\/04\/llevar-la-bici-en-el-coche-768x512.png 768w, https:\/\/cyclemadrid.com\/wp-content\/uploads\/2023\/04\/llevar-la-bici-en-el-coche-320x213.png 320w, https:\/\/cyclemadrid.com\/wp-content\/uploads\/2023\/04\/llevar-la-bici-en-el-coche-480x320.png 480w, https:\/\/cyclemadrid.com\/wp-content\/uploads\/2023\/04\/llevar-la-bici-en-el-coche-800x533.png 800w\" sizes=\"auto, (max-width: 850px) 100vw, 850px\" \/><\/p>\n<p>En todos los casos, las bicicletas deben ir siempre bien sujetas al portabicis o al remolque (puedes sujetarlas con cintas de amarre, tensores o pulpos).<\/p>\n<p>\u00a1Y en el maletero tambi\u00e9n!<\/p>\n<p>Adem\u00e1s de ir bien agarradas a partes fijas del coche, no deben impedir la visibilidad ni estorbar la movilidad de los ocupantes.<\/p>\n<p>Dicho esto, ya est\u00e1s <em>ready <\/em>para una buena ruta de cicloturismo.<\/p>\n<p><a href=\"https:\/\/cyclemadrid.com\/es\/viajes-organizados\/\">Descubre aqu\u00ed algunos de los viajes organizados que te proponemos<\/a>.<\/p>\n","protected":false},"excerpt":{"rendered":"<p>Abramos un mel\u00f3n. Si eres amante del cicloturismo, sabr\u00e1s que a veces necesitas llevarte la bici en coche para empezar una ruta en un punto lejano. Es lo mejor cuando el camino no empieza en la puerta de tu casa. Para que no armes la marimorena, en este art\u00edculo vas a descubrir: Varias formas de [&hellip;]<\/p>\n","protected":false},"author":3,"featured_media":4253,"comment_status":"open","ping_status":"closed","sticky":false,"template":"","format":"standard","meta":{"footnotes":""},"categories":[44],"tags":[],"class_list":["post-4251","post","type-post","status-publish","format-standard","has-post-thumbnail","hentry","category-consejos"],"yoast_head":"<!-- This site is optimized with the Yoast SEO plugin v23.9 - https:\/\/yoast.com\/wordpress\/plugins\/seo\/ -->\n<title>C\u00f3mo llevar la bici en el coche de forma segura - CiclaMadrid<\/title>\n<meta name=\"description\" content=\"Llevar bien la bici es clave para evitar multas y accidentes. Aqu\u00ed te contamos 5 formas de llevar la bici en tu coche de forma c\u00f3moda y legal. Entra ahora.\" \/>\n<meta name=\"robots\" content=\"index, follow, max-snippet:-1, max-image-preview:large, max-video-preview:-1\" \/>\n<link rel=\"canonical\" href=\"https:\/\/cyclemadrid.com\/es\/como-llevar-la-bici-en-el-coche-de-forma-segura\/\" \/>\n<meta property=\"og:locale\" content=\"es_ES\" \/>\n<meta property=\"og:type\" content=\"article\" \/>\n<meta property=\"og:title\" content=\"C\u00f3mo llevar la bici en el coche de forma segura - CiclaMadrid\" \/>\n<meta property=\"og:description\" content=\"Llevar bien la bici es clave para evitar multas y accidentes. Aqu\u00ed te contamos 5 formas de llevar la bici en tu coche de forma c\u00f3moda y legal. Entra ahora.\" \/>\n<meta property=\"og:url\" content=\"https:\/\/cyclemadrid.com\/es\/como-llevar-la-bici-en-el-coche-de-forma-segura\/\" \/>\n<meta property=\"og:site_name\" content=\"CycleMadrid P\u00e1gina Oficial\" \/>\n<meta property=\"article:published_time\" content=\"2023-04-14T06:30:43+00:00\" \/>\n<meta property=\"article:modified_time\" content=\"2023-04-13T08:39:29+00:00\" \/>\n<meta property=\"og:image\" content=\"https:\/\/cyclemadrid.com\/wp-content\/uploads\/2023\/04\/llevar-bicicleta-en-el-coche.jpg\" \/>\n\t<meta property=\"og:image:width\" content=\"1125\" \/>\n\t<meta property=\"og:image:height\" content=\"750\" \/>\n\t<meta property=\"og:image:type\" content=\"image\/jpeg\" \/>\n<meta name=\"author\" content=\"Ethinking\" \/>\n<meta name=\"twitter:card\" content=\"summary_large_image\" \/>\n<meta name=\"twitter:label1\" content=\"Escrito por\" \/>\n\t<meta name=\"twitter:data1\" content=\"Ethinking\" \/>\n\t<meta name=\"twitter:label2\" content=\"Tiempo de lectura\" \/>\n\t<meta name=\"twitter:data2\" content=\"5 minutos\" \/>\n<script type=\"application\/ld+json\" class=\"yoast-schema-graph\">{\"@context\":\"https:\/\/schema.org\",\"@graph\":[{\"@type\":\"Article\",\"@id\":\"https:\/\/cyclemadrid.com\/es\/como-llevar-la-bici-en-el-coche-de-forma-segura\/#article\",\"isPartOf\":{\"@id\":\"https:\/\/cyclemadrid.com\/es\/como-llevar-la-bici-en-el-coche-de-forma-segura\/\"},\"author\":{\"name\":\"Ethinking\",\"@id\":\"https:\/\/cyclemadrid.com\/es\/#\/schema\/person\/e9cf886fa4a5ee75580d76f3c645b9bd\"},\"headline\":\"C\u00f3mo llevar la bici en el coche de forma segura y cumpliendo las normas\",\"datePublished\":\"2023-04-14T06:30:43+00:00\",\"dateModified\":\"2023-04-13T08:39:29+00:00\",\"mainEntityOfPage\":{\"@id\":\"https:\/\/cyclemadrid.com\/es\/como-llevar-la-bici-en-el-coche-de-forma-segura\/\"},\"wordCount\":850,\"commentCount\":0,\"publisher\":{\"@id\":\"https:\/\/cyclemadrid.com\/es\/#organization\"},\"image\":{\"@id\":\"https:\/\/cyclemadrid.com\/es\/como-llevar-la-bici-en-el-coche-de-forma-segura\/#primaryimage\"},\"thumbnailUrl\":\"https:\/\/cyclemadrid.com\/wp-content\/uploads\/2023\/04\/llevar-bicicleta-en-el-coche.jpg\",\"articleSection\":[\"Consejos\"],\"inLanguage\":\"es\",\"potentialAction\":[{\"@type\":\"CommentAction\",\"name\":\"Comment\",\"target\":[\"https:\/\/cyclemadrid.com\/es\/como-llevar-la-bici-en-el-coche-de-forma-segura\/#respond\"]}]},{\"@type\":\"WebPage\",\"@id\":\"https:\/\/cyclemadrid.com\/es\/como-llevar-la-bici-en-el-coche-de-forma-segura\/\",\"url\":\"https:\/\/cyclemadrid.com\/es\/como-llevar-la-bici-en-el-coche-de-forma-segura\/\",\"name\":\"C\u00f3mo llevar la bici en el coche de forma segura - CiclaMadrid\",\"isPartOf\":{\"@id\":\"https:\/\/cyclemadrid.com\/es\/#website\"},\"primaryImageOfPage\":{\"@id\":\"https:\/\/cyclemadrid.com\/es\/como-llevar-la-bici-en-el-coche-de-forma-segura\/#primaryimage\"},\"image\":{\"@id\":\"https:\/\/cyclemadrid.com\/es\/como-llevar-la-bici-en-el-coche-de-forma-segura\/#primaryimage\"},\"thumbnailUrl\":\"https:\/\/cyclemadrid.com\/wp-content\/uploads\/2023\/04\/llevar-bicicleta-en-el-coche.jpg\",\"datePublished\":\"2023-04-14T06:30:43+00:00\",\"dateModified\":\"2023-04-13T08:39:29+00:00\",\"description\":\"Llevar bien la bici es clave para evitar multas y accidentes. Aqu\u00ed te contamos 5 formas de llevar la bici en tu coche de forma c\u00f3moda y legal. Entra ahora.\",\"breadcrumb\":{\"@id\":\"https:\/\/cyclemadrid.com\/es\/como-llevar-la-bici-en-el-coche-de-forma-segura\/#breadcrumb\"},\"inLanguage\":\"es\",\"potentialAction\":[{\"@type\":\"ReadAction\",\"target\":[\"https:\/\/cyclemadrid.com\/es\/como-llevar-la-bici-en-el-coche-de-forma-segura\/\"]}]},{\"@type\":\"ImageObject\",\"inLanguage\":\"es\",\"@id\":\"https:\/\/cyclemadrid.com\/es\/como-llevar-la-bici-en-el-coche-de-forma-segura\/#primaryimage\",\"url\":\"https:\/\/cyclemadrid.com\/wp-content\/uploads\/2023\/04\/llevar-bicicleta-en-el-coche.jpg\",\"contentUrl\":\"https:\/\/cyclemadrid.com\/wp-content\/uploads\/2023\/04\/llevar-bicicleta-en-el-coche.jpg\",\"width\":1125,\"height\":750,\"caption\":\"Veh\u00edculo amarillo llevando bicicletas en parte trasera\"},{\"@type\":\"BreadcrumbList\",\"@id\":\"https:\/\/cyclemadrid.com\/es\/como-llevar-la-bici-en-el-coche-de-forma-segura\/#breadcrumb\",\"itemListElement\":[{\"@type\":\"ListItem\",\"position\":1,\"name\":\"Portada\",\"item\":\"https:\/\/cyclemadrid.com\/es\/\"},{\"@type\":\"ListItem\",\"position\":2,\"name\":\"C\u00f3mo llevar la bici en el coche de forma segura y cumpliendo las normas\"}]},{\"@type\":\"WebSite\",\"@id\":\"https:\/\/cyclemadrid.com\/es\/#website\",\"url\":\"https:\/\/cyclemadrid.com\/es\/\",\"name\":\"CycleMadrid P\u00e1gina Oficial\",\"description\":\"P\u00e1gina Oficial de CycleMadrid | Tus rutas de Cicloturismo en la Comunidad de Madrid\",\"publisher\":{\"@id\":\"https:\/\/cyclemadrid.com\/es\/#organization\"},\"potentialAction\":[{\"@type\":\"SearchAction\",\"target\":{\"@type\":\"EntryPoint\",\"urlTemplate\":\"https:\/\/cyclemadrid.com\/es\/?s={search_term_string}\"},\"query-input\":{\"@type\":\"PropertyValueSpecification\",\"valueRequired\":true,\"valueName\":\"search_term_string\"}}],\"inLanguage\":\"es\"},{\"@type\":\"Organization\",\"@id\":\"https:\/\/cyclemadrid.com\/es\/#organization\",\"name\":\"Cyclemadrid\",\"url\":\"https:\/\/cyclemadrid.com\/es\/\",\"logo\":{\"@type\":\"ImageObject\",\"inLanguage\":\"es\",\"@id\":\"https:\/\/cyclemadrid.com\/es\/#\/schema\/logo\/image\/\",\"url\":\"https:\/\/cyclemadrid.com\/wp-content\/uploads\/2023\/07\/cyclemadrid.png\",\"contentUrl\":\"https:\/\/cyclemadrid.com\/wp-content\/uploads\/2023\/07\/cyclemadrid.png\",\"width\":32,\"height\":32,\"caption\":\"Cyclemadrid\"},\"image\":{\"@id\":\"https:\/\/cyclemadrid.com\/es\/#\/schema\/logo\/image\/\"}},{\"@type\":\"Person\",\"@id\":\"https:\/\/cyclemadrid.com\/es\/#\/schema\/person\/e9cf886fa4a5ee75580d76f3c645b9bd\",\"name\":\"Ethinking\",\"image\":{\"@type\":\"ImageObject\",\"inLanguage\":\"es\",\"@id\":\"https:\/\/cyclemadrid.com\/es\/#\/schema\/person\/image\/\",\"url\":\"https:\/\/secure.gravatar.com\/avatar\/f907bdcd98026ecce16b0b616cb29e9d?s=96&d=mm&r=g\",\"contentUrl\":\"https:\/\/secure.gravatar.com\/avatar\/f907bdcd98026ecce16b0b616cb29e9d?s=96&d=mm&r=g\",\"caption\":\"Ethinking\"}}]}<\/script>\n<!-- \/ Yoast SEO plugin. -->","yoast_head_json":{"title":"C\u00f3mo llevar la bici en el coche de forma segura - CiclaMadrid","description":"Llevar bien la bici es clave para evitar multas y accidentes. Aqu\u00ed te contamos 5 formas de llevar la bici en tu coche de forma c\u00f3moda y legal. Entra ahora.","robots":{"index":"index","follow":"follow","max-snippet":"max-snippet:-1","max-image-preview":"max-image-preview:large","max-video-preview":"max-video-preview:-1"},"canonical":"https:\/\/cyclemadrid.com\/es\/como-llevar-la-bici-en-el-coche-de-forma-segura\/","og_locale":"es_ES","og_type":"article","og_title":"C\u00f3mo llevar la bici en el coche de forma segura - CiclaMadrid","og_description":"Llevar bien la bici es clave para evitar multas y accidentes. Aqu\u00ed te contamos 5 formas de llevar la bici en tu coche de forma c\u00f3moda y legal. Entra ahora.","og_url":"https:\/\/cyclemadrid.com\/es\/como-llevar-la-bici-en-el-coche-de-forma-segura\/","og_site_name":"CycleMadrid P\u00e1gina Oficial","article_published_time":"2023-04-14T06:30:43+00:00","article_modified_time":"2023-04-13T08:39:29+00:00","og_image":[{"width":1125,"height":750,"url":"https:\/\/cyclemadrid.com\/wp-content\/uploads\/2023\/04\/llevar-bicicleta-en-el-coche.jpg","type":"image\/jpeg"}],"author":"Ethinking","twitter_card":"summary_large_image","twitter_misc":{"Escrito por":"Ethinking","Tiempo de lectura":"5 minutos"},"schema":{"@context":"https:\/\/schema.org","@graph":[{"@type":"Article","@id":"https:\/\/cyclemadrid.com\/es\/como-llevar-la-bici-en-el-coche-de-forma-segura\/#article","isPartOf":{"@id":"https:\/\/cyclemadrid.com\/es\/como-llevar-la-bici-en-el-coche-de-forma-segura\/"},"author":{"name":"Ethinking","@id":"https:\/\/cyclemadrid.com\/es\/#\/schema\/person\/e9cf886fa4a5ee75580d76f3c645b9bd"},"headline":"C\u00f3mo llevar la bici en el coche de forma segura y cumpliendo las normas","datePublished":"2023-04-14T06:30:43+00:00","dateModified":"2023-04-13T08:39:29+00:00","mainEntityOfPage":{"@id":"https:\/\/cyclemadrid.com\/es\/como-llevar-la-bici-en-el-coche-de-forma-segura\/"},"wordCount":850,"commentCount":0,"publisher":{"@id":"https:\/\/cyclemadrid.com\/es\/#organization"},"image":{"@id":"https:\/\/cyclemadrid.com\/es\/como-llevar-la-bici-en-el-coche-de-forma-segura\/#primaryimage"},"thumbnailUrl":"https:\/\/cyclemadrid.com\/wp-content\/uploads\/2023\/04\/llevar-bicicleta-en-el-coche.jpg","articleSection":["Consejos"],"inLanguage":"es","potentialAction":[{"@type":"CommentAction","name":"Comment","target":["https:\/\/cyclemadrid.com\/es\/como-llevar-la-bici-en-el-coche-de-forma-segura\/#respond"]}]},{"@type":"WebPage","@id":"https:\/\/cyclemadrid.com\/es\/como-llevar-la-bici-en-el-coche-de-forma-segura\/","url":"https:\/\/cyclemadrid.com\/es\/como-llevar-la-bici-en-el-coche-de-forma-segura\/","name":"C\u00f3mo llevar la bici en el coche de forma segura - CiclaMadrid","isPartOf":{"@id":"https:\/\/cyclemadrid.com\/es\/#website"},"primaryImageOfPage":{"@id":"https:\/\/cyclemadrid.com\/es\/como-llevar-la-bici-en-el-coche-de-forma-segura\/#primaryimage"},"image":{"@id":"https:\/\/cyclemadrid.com\/es\/como-llevar-la-bici-en-el-coche-de-forma-segura\/#primaryimage"},"thumbnailUrl":"https:\/\/cyclemadrid.com\/wp-content\/uploads\/2023\/04\/llevar-bicicleta-en-el-coche.jpg","datePublished":"2023-04-14T06:30:43+00:00","dateModified":"2023-04-13T08:39:29+00:00","description":"Llevar bien la bici es clave para evitar multas y accidentes. Aqu\u00ed te contamos 5 formas de llevar la bici en tu coche de forma c\u00f3moda y legal. Entra ahora.","breadcrumb":{"@id":"https:\/\/cyclemadrid.com\/es\/como-llevar-la-bici-en-el-coche-de-forma-segura\/#breadcrumb"},"inLanguage":"es","potentialAction":[{"@type":"ReadAction","target":["https:\/\/cyclemadrid.com\/es\/como-llevar-la-bici-en-el-coche-de-forma-segura\/"]}]},{"@type":"ImageObject","inLanguage":"es","@id":"https:\/\/cyclemadrid.com\/es\/como-llevar-la-bici-en-el-coche-de-forma-segura\/#primaryimage","url":"https:\/\/cyclemadrid.com\/wp-content\/uploads\/2023\/04\/llevar-bicicleta-en-el-coche.jpg","contentUrl":"https:\/\/cyclemadrid.com\/wp-content\/uploads\/2023\/04\/llevar-bicicleta-en-el-coche.jpg","width":1125,"height":750,"caption":"Veh\u00edculo amarillo llevando bicicletas en parte trasera"},{"@type":"BreadcrumbList","@id":"https:\/\/cyclemadrid.com\/es\/como-llevar-la-bici-en-el-coche-de-forma-segura\/#breadcrumb","itemListElement":[{"@type":"ListItem","position":1,"name":"Portada","item":"https:\/\/cyclemadrid.com\/es\/"},{"@type":"ListItem","position":2,"name":"C\u00f3mo llevar la bici en el coche de forma segura y cumpliendo las normas"}]},{"@type":"WebSite","@id":"https:\/\/cyclemadrid.com\/es\/#website","url":"https:\/\/cyclemadrid.com\/es\/","name":"CycleMadrid P\u00e1gina Oficial","description":"P\u00e1gina Oficial de CycleMadrid | Tus rutas de Cicloturismo en la Comunidad de Madrid","publisher":{"@id":"https:\/\/cyclemadrid.com\/es\/#organization"},"potentialAction":[{"@type":"SearchAction","target":{"@type":"EntryPoint","urlTemplate":"https:\/\/cyclemadrid.com\/es\/?s={search_term_string}"},"query-input":{"@type":"PropertyValueSpecification","valueRequired":true,"valueName":"search_term_string"}}],"inLanguage":"es"},{"@type":"Organization","@id":"https:\/\/cyclemadrid.com\/es\/#organization","name":"Cyclemadrid","url":"https:\/\/cyclemadrid.com\/es\/","logo":{"@type":"ImageObject","inLanguage":"es","@id":"https:\/\/cyclemadrid.com\/es\/#\/schema\/logo\/image\/","url":"https:\/\/cyclemadrid.com\/wp-content\/uploads\/2023\/07\/cyclemadrid.png","contentUrl":"https:\/\/cyclemadrid.com\/wp-content\/uploads\/2023\/07\/cyclemadrid.png","width":32,"height":32,"caption":"Cyclemadrid"},"image":{"@id":"https:\/\/cyclemadrid.com\/es\/#\/schema\/logo\/image\/"}},{"@type":"Person","@id":"https:\/\/cyclemadrid.com\/es\/#\/schema\/person\/e9cf886fa4a5ee75580d76f3c645b9bd","name":"Ethinking","image":{"@type":"ImageObject","inLanguage":"es","@id":"https:\/\/cyclemadrid.com\/es\/#\/schema\/person\/image\/","url":"https:\/\/secure.gravatar.com\/avatar\/f907bdcd98026ecce16b0b616cb29e9d?s=96&d=mm&r=g","contentUrl":"https:\/\/secure.gravatar.com\/avatar\/f907bdcd98026ecce16b0b616cb29e9d?s=96&d=mm&r=g","caption":"Ethinking"}}]}},"_links":{"self":[{"href":"https:\/\/cyclemadrid.com\/es\/wp-json\/wp\/v2\/posts\/4251","targetHints":{"allow":["GET"]}}],"collection":[{"href":"https:\/\/cyclemadrid.com\/es\/wp-json\/wp\/v2\/posts"}],"about":[{"href":"https:\/\/cyclemadrid.com\/es\/wp-json\/wp\/v2\/types\/post"}],"author":[{"embeddable":true,"href":"https:\/\/cyclemadrid.com\/es\/wp-json\/wp\/v2\/users\/3"}],"replies":[{"embeddable":true,"href":"https:\/\/cyclemadrid.com\/es\/wp-json\/wp\/v2\/comments?post=4251"}],"version-history":[{"count":2,"href":"https:\/\/cyclemadrid.com\/es\/wp-json\/wp\/v2\/posts\/4251\/revisions"}],"predecessor-version":[{"id":4259,"href":"https:\/\/cyclemadrid.com\/es\/wp-json\/wp\/v2\/posts\/4251\/revisions\/4259"}],"wp:featuredmedia":[{"embeddable":true,"href":"https:\/\/cyclemadrid.com\/es\/wp-json\/wp\/v2\/media\/4253"}],"wp:attachment":[{"href":"https:\/\/cyclemadrid.com\/es\/wp-json\/wp\/v2\/media?parent=4251"}],"wp:term":[{"taxonomy":"category","embeddable":true,"href":"https:\/\/cyclemadrid.com\/es\/wp-json\/wp\/v2\/categories?post=4251"},{"taxonomy":"post_tag","embeddable":true,"href":"https:\/\/cyclemadrid.com\/es\/wp-json\/wp\/v2\/tags?post=4251"}],"curies":[{"name":"wp","href":"https:\/\/api.w.org\/{rel}","templated":true}]}}