{"id":5832,"date":"2023-11-28T16:30:13","date_gmt":"2023-11-28T15:30:13","guid":{"rendered":"https:\/\/cyclemadrid.com\/comment-transporter-son-velo-dans-la-voiture-en-toute-securite-et-dans-le-respect-des-regles\/"},"modified":"2023-11-28T16:30:13","modified_gmt":"2023-11-28T15:30:13","slug":"comment-transporter-son-velo-dans-la-voiture-en-toute-securite-et-dans-le-respect-des-regles","status":"publish","type":"post","link":"https:\/\/cyclemadrid.com\/fr\/comment-transporter-son-velo-dans-la-voiture-en-toute-securite-et-dans-le-respect-des-regles\/","title":{"rendered":"Comment transporter son v\u00e9lo dans la voiture en toute s\u00e9curit\u00e9 et dans le respect des r\u00e8gles ?"},"content":{"rendered":"<p>Ouvrons un melon.<\/p>\n<p>Si vous \u00eates un adepte du cyclotourisme, vous savez que vous devez parfois prendre votre v\u00e9lo en voiture pour commencer un itin\u00e9raire \u00e0 un point \u00e9loign\u00e9.<\/p>\n<p>Il est pr\u00e9f\u00e9rable que la route ne commence pas devant votre porte.<\/p>\n<p>Pour que vous ne fassiez pas d&#8217;histoires, vous trouverez dans cet article les informations n\u00e9cessaires :<\/p>\n<ul>\n<li>Il existe plusieurs fa\u00e7ons de transporter votre v\u00e9lo dans votre voiture en toute s\u00e9curit\u00e9 et dans le respect de la r\u00e9glementation.<\/li>\n<li>Ce que dit la loi sur le fait de prendre son v\u00e9lo dans la voiture et les amendes encourues.<\/li>\n<\/ul>\n<p>C&#8217;est parti !<\/p>\n<h2><strong>6 fa\u00e7ons s\u00fbres et l\u00e9gales de transporter son v\u00e9lo en voiture  <\/strong><\/h2>\n<p>Voici les moyens les plus s\u00fbrs (et l\u00e9gaux) de transporter votre v\u00e9lo en voiture.<\/p>\n<h3><strong>#1 Transporter le v\u00e9lo \u00e0 l&#8217;int\u00e9rieur de la voiture<\/strong><\/h3>\n<p><strong>Transporter son v\u00e9lo dans la voiture est la solution la plus simple si vous n&#8217;avez pas de porte-v\u00e9los<\/strong> et que vous ne pensez pas qu&#8217;il soit utile d&#8217;en acheter un parce que vous ne l&#8217;utiliserez pratiquement pas.<\/p>\n<p>Si la voiture est grande, vous pouvez la mettre dans le coffre (en rabattant les si\u00e8ges si n\u00e9cessaire).<\/p>\n<p>Ce syst\u00e8me pr\u00e9sente toutefois certains inconv\u00e9nients :<\/p>\n<ul>\n<li>Il est parfois n\u00e9cessaire de d\u00e9monter une ou les deux roues pour les adapter.<\/li>\n<li>Vous manquez d&#8217;espace dans le coffre pour d&#8217;autres choses.<\/li>\n<li>Votre voiture peut \u00eatre couverte de graisse ou de salet\u00e9.<\/li>\n<\/ul>\n<h3><strong>#2 Utiliser un porte-v\u00e9los de hayon<\/strong><\/h3>\n<p>Selon le mod\u00e8le, ce porte-v\u00e9los peut transporter entre un et quatre v\u00e9los.<\/p>\n<p>La bonne nouvelle ?<\/p>\n<p><strong>Qu&#8217;il soit \u00e9conomique et qu&#8217;il y ait de la place dans le coffre pour tout ce dont vous avez besoin.<\/strong><\/p>\n<p>Le revers de la m\u00e9daille ?<\/p>\n<p>Qu&#8217;il faut le d\u00e9monter pour ouvrir le coffre et que c&#8217;est un peu le bazar.<\/p>\n<p>En outre, vous risquez de rayer la carrosserie.<\/p>\n<p>\u00c0 la fin de l&#8217;article, nous indiquons quelques consid\u00e9rations que vous devez prendre en compte pour respecter la loi (entre autres, porter le panneau V-20 pour marquer le chargement arri\u00e8re).<\/p>\n<h3><strong>#3 Porte-v\u00e9los pour boule de remorquage<\/strong><\/h3>\n<p>Bien qu&#8217;elle soit plus ch\u00e8re que la m\u00e9thode pr\u00e9c\u00e9dente, elle <strong>est plus pratique car elle permet d&#8217;ouvrir le coffre sans d\u00e9charger les v\u00e9los <\/strong>(et vous pouvez en transporter jusqu&#8217;\u00e0 quatre).<\/p>\n<p>Vous devez cependant installer une boule de remorquage.<\/p>\n<p>Veuillez noter que les bicyclettes ne peuvent d\u00e9passer de plus de 15 % la longueur de la voiture et que vous avez \u00e9galement besoin du panneau V-20.<\/p>\n<p>Allons plus loin&#8230;<\/p>\n<h4><strong>#4 Utiliser un porte-v\u00e9los sur le toit du v\u00e9hicule<\/strong><\/h4>\n<p><strong>C&#8217;est le plus facile et le plus rapide \u00e0 assembler.<\/strong><\/p>\n<p>Vous pouvez \u00e9galement utiliser le compartiment \u00e0 bagages sans probl\u00e8me et transporter tout ce dont vous avez besoin.<\/p>\n<p>La loi est assez laxiste en ce qui concerne ce syst\u00e8me ; elle exige seulement qu&#8217;il soit solidement fix\u00e9 afin qu&#8217;il ne tombe pas.<\/p>\n<p>Mais tout ce qui brille n&#8217;est pas tout ce qui brille, car il y a aussi des inconv\u00e9nients :<\/p>\n<ul>\n<li>Vous pouvez oublier que vous transportez les v\u00e9los et ne pas en tenir compte dans les tunnels ou les parkings. Attention !<\/li>\n<li>Il est plus inconfortable de transporter des v\u00e9los, surtout si l&#8217;on n&#8217;est pas de grande taille.<\/li>\n<li>Il a un impact sur l&#8217;a\u00e9rodynamisme du v\u00e9hicule, et vous consommerez donc plus de carburant.<\/li>\n<\/ul>\n<p><img loading=\"lazy\" decoding=\"async\" class=\"aligncenter wp-image-4255\" src=\"https:\/\/cyclemadrid.com\/wp-content\/uploads\/2023\/04\/llevar-bici-en-el-coche.jpg\" alt=\"Voiture noire transportant des v\u00e9los sur le toit\" width=\"850\" height=\"567\" srcset=\"https:\/\/cyclemadrid.com\/wp-content\/uploads\/2023\/04\/llevar-bici-en-el-coche.jpg 1125w, https:\/\/cyclemadrid.com\/wp-content\/uploads\/2023\/04\/llevar-bici-en-el-coche-300x200.jpg 300w, https:\/\/cyclemadrid.com\/wp-content\/uploads\/2023\/04\/llevar-bici-en-el-coche-1024x683.jpg 1024w, https:\/\/cyclemadrid.com\/wp-content\/uploads\/2023\/04\/llevar-bici-en-el-coche-768x512.jpg 768w, https:\/\/cyclemadrid.com\/wp-content\/uploads\/2023\/04\/llevar-bici-en-el-coche-320x213.jpg 320w, https:\/\/cyclemadrid.com\/wp-content\/uploads\/2023\/04\/llevar-bici-en-el-coche-480x320.jpg 480w, https:\/\/cyclemadrid.com\/wp-content\/uploads\/2023\/04\/llevar-bici-en-el-coche-800x533.jpg 800w\" sizes=\"auto, (max-width: 850px) 100vw, 850px\" \/><\/p>\n<h3><strong>#5 Porte-v\u00e9los sur les remorques<\/strong><\/h3>\n<p>Si vous avez une remorque, vous pouvez \u00e9galement l&#8217;utiliser pour transporter vos v\u00e9los.<\/p>\n<p>Quels sont les avantages ?<\/p>\n<p><strong>Vous pouvez transporter plus de v\u00e9los et plus de marchandises, ce qui est<\/strong> utile si vous avez besoin de tentes ou d&#8217;\u00e9quipements pour vos itin\u00e9raires.<\/p>\n<p>Quels sont les inconv\u00e9nients ?<\/p>\n<p>Si vous n&#8217;avez pas de remorque, c&#8217;est une solution co\u00fbteuse.<\/p>\n<p>Vous aurez \u00e9galement plus de mal \u00e0 vous garer et \u00e0 man\u0153uvrer qu&#8217;avec un porte-v\u00e9los.<\/p>\n<p>Dans ce cas, vous devez tenir compte des r\u00e9glementations sp\u00e9cifiques aux remorques.<\/p>\n<h3><strong>#6 Porte-v\u00e9los int\u00e9gr\u00e9<\/strong><\/h3>\n<p>Nous avons laiss\u00e9 le porte-v\u00e9los int\u00e9gr\u00e9 pour la fin, car il s&#8217;agit d&#8217;une esp\u00e8ce rare.<\/p>\n<p>Ce syst\u00e8me est int\u00e9gr\u00e9 \u00e0 la voiture, ce qui le rend tr\u00e8s pratique.<\/p>\n<p>Pourquoi s&#8217;agit-il d&#8217;un <em>rara avis<\/em>?<\/p>\n<p>Car actuellement, seule Opel propose cet \u00e9quipement avec le syst\u00e8me FlexFix.<\/p>\n<p>Si votre voiture est de cette marque, vous avez de la chance !<\/p>\n<h2><strong>R\u00e8gles de base \u00e0 conna\u00eetre pour transporter son v\u00e9lo en voiture  <\/strong><\/h2>\n<p>Nous savons que c&#8217;est dans la poche que le b\u00e2t blesse le plus.<\/p>\n<p>C&#8217;est pourquoi nous tenons \u00e0 vous informer que vous pouvez <strong>recevoir une amende de<\/strong> <strong>80 \u00e0 200 euros si vous ne transportez pas correctement votre v\u00e9lo<\/strong>.<\/p>\n<p>Si vous avez un porte-v\u00e9lo arri\u00e8re ou un porte-v\u00e9lo sur la boule d&#8217;attelage, vous devez en tenir compte :<\/p>\n<ul>\n<li>Le porte-v\u00e9lo ne doit pas couvrir la plaque d&#8217;immatriculation (si c&#8217;est le cas, vous devez avoir une plaque d&#8217;immatriculation et des feux suppl\u00e9mentaires sur le porte-v\u00e9lo).<\/li>\n<li>Les bicyclettes ne doivent pas d\u00e9passer sur les c\u00f4t\u00e9s (si c&#8217;est le cas, une ou les deux roues doivent \u00eatre enlev\u00e9es).<\/li>\n<li>Vous devez utiliser le panneau V-20 pour indiquer que vous effectuez un chargement arri\u00e8re. C&#8217;est celui que vous voyez ci-dessous.<\/li>\n<\/ul>\n<p><img loading=\"lazy\" decoding=\"async\" class=\"aligncenter wp-image-4257\" src=\"https:\/\/cyclemadrid.com\/wp-content\/uploads\/2023\/04\/llevar-la-bici-en-el-coche.png\" alt=\"Panneau V-20 rouge et blanc obligatoire pour indiquer qu'une bicyclette est transport\u00e9e dans la voiture \u00e0 l'arri\u00e8re.\" width=\"850\" height=\"567\" srcset=\"https:\/\/cyclemadrid.com\/wp-content\/uploads\/2023\/04\/llevar-la-bici-en-el-coche.png 1125w, https:\/\/cyclemadrid.com\/wp-content\/uploads\/2023\/04\/llevar-la-bici-en-el-coche-300x200.png 300w, https:\/\/cyclemadrid.com\/wp-content\/uploads\/2023\/04\/llevar-la-bici-en-el-coche-1024x683.png 1024w, https:\/\/cyclemadrid.com\/wp-content\/uploads\/2023\/04\/llevar-la-bici-en-el-coche-768x512.png 768w, https:\/\/cyclemadrid.com\/wp-content\/uploads\/2023\/04\/llevar-la-bici-en-el-coche-320x213.png 320w, https:\/\/cyclemadrid.com\/wp-content\/uploads\/2023\/04\/llevar-la-bici-en-el-coche-480x320.png 480w, https:\/\/cyclemadrid.com\/wp-content\/uploads\/2023\/04\/llevar-la-bici-en-el-coche-800x533.png 800w\" sizes=\"auto, (max-width: 850px) 100vw, 850px\" \/><\/p>\n<p>Dans tous les cas, les v\u00e9los doivent toujours \u00eatre solidement attach\u00e9s au porte-v\u00e9los ou \u00e0 la remorque (vous pouvez les attacher \u00e0 l&#8217;aide de sangles d&#8217;arrimage, de tendeurs ou d&#8217;attaches).<\/p>\n<p>Et dans la botte aussi !<\/p>\n<p>En plus d&#8217;\u00eatre solidement fix\u00e9s aux parties fixes de la voiture, ils ne doivent pas g\u00eaner la visibilit\u00e9 ni entraver la mobilit\u00e9 des occupants.<\/p>\n<p>Cela dit, vous \u00eates maintenant <em>pr\u00eat <\/em>pour une bonne randonn\u00e9e cycliste.<\/p>\n<p><a href=\"https:\/\/cyclemadrid.com\/es\/viajes-organizados\/\">D\u00e9couvrez ici quelques-uns des voyages organis\u00e9s que nous vous proposons<\/a>.<\/p>\n","protected":false},"excerpt":{"rendered":"<p>Ouvrons un melon. Si vous \u00eates un adepte du cyclotourisme, vous savez que vous devez parfois prendre votre v\u00e9lo en voiture pour commencer un itin\u00e9raire \u00e0 un point \u00e9loign\u00e9. Il est pr\u00e9f\u00e9rable que la route ne commence pas devant votre porte. Pour que vous ne fassiez pas d&#8217;histoires, vous trouverez dans cet article les informations [&hellip;]<\/p>\n","protected":false},"author":3,"featured_media":5833,"comment_status":"open","ping_status":"closed","sticky":false,"template":"","format":"standard","meta":{"footnotes":""},"categories":[216],"tags":[],"class_list":["post-5832","post","type-post","status-publish","format-standard","has-post-thumbnail","hentry","category-conseil"],"yoast_head":"<!-- This site is optimized with the Yoast SEO plugin v23.9 - https:\/\/yoast.com\/wordpress\/plugins\/seo\/ -->\n<title>Comment transporter son v\u00e9lo en toute s\u00e9curit\u00e9 dans la voiture - CiclaMadrid<\/title>\n<meta name=\"description\" content=\"Pour \u00e9viter les amendes et les accidents, il est essentiel de transporter correctement son v\u00e9lo. Voici 5 fa\u00e7ons de transporter votre v\u00e9lo dans votre voiture confortablement et l\u00e9galement. Entrer maintenant.\" \/>\n<meta name=\"robots\" content=\"index, follow, max-snippet:-1, max-image-preview:large, max-video-preview:-1\" \/>\n<link rel=\"canonical\" href=\"https:\/\/cyclemadrid.com\/fr\/comment-transporter-son-velo-dans-la-voiture-en-toute-securite-et-dans-le-respect-des-regles\/\" \/>\n<meta property=\"og:locale\" content=\"fr_FR\" \/>\n<meta property=\"og:type\" content=\"article\" \/>\n<meta property=\"og:title\" content=\"Comment transporter son v\u00e9lo en toute s\u00e9curit\u00e9 dans la voiture - CiclaMadrid\" \/>\n<meta property=\"og:description\" content=\"Pour \u00e9viter les amendes et les accidents, il est essentiel de transporter correctement son v\u00e9lo. Voici 5 fa\u00e7ons de transporter votre v\u00e9lo dans votre voiture confortablement et l\u00e9galement. Entrer maintenant.\" \/>\n<meta property=\"og:url\" content=\"https:\/\/cyclemadrid.com\/fr\/comment-transporter-son-velo-dans-la-voiture-en-toute-securite-et-dans-le-respect-des-regles\/\" \/>\n<meta property=\"og:site_name\" content=\"CycleMadrid P\u00e1gina Oficial\" \/>\n<meta property=\"article:published_time\" content=\"2023-11-28T15:30:13+00:00\" \/>\n<meta property=\"og:image\" content=\"https:\/\/cyclemadrid.com\/wp-content\/uploads\/2023\/04\/llevar-bicicleta-en-el-coche.jpg\" \/>\n\t<meta property=\"og:image:width\" content=\"1125\" \/>\n\t<meta property=\"og:image:height\" content=\"750\" \/>\n\t<meta property=\"og:image:type\" content=\"image\/jpeg\" \/>\n<meta name=\"author\" content=\"Ethinking\" \/>\n<meta name=\"twitter:card\" content=\"summary_large_image\" \/>\n<meta name=\"twitter:label1\" content=\"\u00c9crit par\" \/>\n\t<meta name=\"twitter:data1\" content=\"Ethinking\" \/>\n\t<meta name=\"twitter:label2\" content=\"Dur\u00e9e de lecture estim\u00e9e\" \/>\n\t<meta name=\"twitter:data2\" content=\"5 minutes\" \/>\n<script type=\"application\/ld+json\" class=\"yoast-schema-graph\">{\"@context\":\"https:\/\/schema.org\",\"@graph\":[{\"@type\":\"Article\",\"@id\":\"https:\/\/cyclemadrid.com\/fr\/comment-transporter-son-velo-dans-la-voiture-en-toute-securite-et-dans-le-respect-des-regles\/#article\",\"isPartOf\":{\"@id\":\"https:\/\/cyclemadrid.com\/fr\/comment-transporter-son-velo-dans-la-voiture-en-toute-securite-et-dans-le-respect-des-regles\/\"},\"author\":{\"name\":\"Ethinking\",\"@id\":\"https:\/\/cyclemadrid.com\/fr\/#\/schema\/person\/e9cf886fa4a5ee75580d76f3c645b9bd\"},\"headline\":\"Comment transporter son v\u00e9lo dans la voiture en toute s\u00e9curit\u00e9 et dans le respect des r\u00e8gles ?\",\"datePublished\":\"2023-11-28T15:30:13+00:00\",\"dateModified\":\"2023-11-28T15:30:13+00:00\",\"mainEntityOfPage\":{\"@id\":\"https:\/\/cyclemadrid.com\/fr\/comment-transporter-son-velo-dans-la-voiture-en-toute-securite-et-dans-le-respect-des-regles\/\"},\"wordCount\":1027,\"commentCount\":0,\"publisher\":{\"@id\":\"https:\/\/cyclemadrid.com\/fr\/#organization\"},\"image\":{\"@id\":\"https:\/\/cyclemadrid.com\/fr\/comment-transporter-son-velo-dans-la-voiture-en-toute-securite-et-dans-le-respect-des-regles\/#primaryimage\"},\"thumbnailUrl\":\"https:\/\/cyclemadrid.com\/wp-content\/uploads\/2023\/04\/llevar-bicicleta-en-el-coche.jpg\",\"articleSection\":[\"Conseil\"],\"inLanguage\":\"fr-FR\",\"potentialAction\":[{\"@type\":\"CommentAction\",\"name\":\"Comment\",\"target\":[\"https:\/\/cyclemadrid.com\/fr\/comment-transporter-son-velo-dans-la-voiture-en-toute-securite-et-dans-le-respect-des-regles\/#respond\"]}]},{\"@type\":\"WebPage\",\"@id\":\"https:\/\/cyclemadrid.com\/fr\/comment-transporter-son-velo-dans-la-voiture-en-toute-securite-et-dans-le-respect-des-regles\/\",\"url\":\"https:\/\/cyclemadrid.com\/fr\/comment-transporter-son-velo-dans-la-voiture-en-toute-securite-et-dans-le-respect-des-regles\/\",\"name\":\"Comment transporter son v\u00e9lo en toute s\u00e9curit\u00e9 dans la voiture - CiclaMadrid\",\"isPartOf\":{\"@id\":\"https:\/\/cyclemadrid.com\/fr\/#website\"},\"primaryImageOfPage\":{\"@id\":\"https:\/\/cyclemadrid.com\/fr\/comment-transporter-son-velo-dans-la-voiture-en-toute-securite-et-dans-le-respect-des-regles\/#primaryimage\"},\"image\":{\"@id\":\"https:\/\/cyclemadrid.com\/fr\/comment-transporter-son-velo-dans-la-voiture-en-toute-securite-et-dans-le-respect-des-regles\/#primaryimage\"},\"thumbnailUrl\":\"https:\/\/cyclemadrid.com\/wp-content\/uploads\/2023\/04\/llevar-bicicleta-en-el-coche.jpg\",\"datePublished\":\"2023-11-28T15:30:13+00:00\",\"dateModified\":\"2023-11-28T15:30:13+00:00\",\"description\":\"Pour \u00e9viter les amendes et les accidents, il est essentiel de transporter correctement son v\u00e9lo. Voici 5 fa\u00e7ons de transporter votre v\u00e9lo dans votre voiture confortablement et l\u00e9galement. Entrer maintenant.\",\"breadcrumb\":{\"@id\":\"https:\/\/cyclemadrid.com\/fr\/comment-transporter-son-velo-dans-la-voiture-en-toute-securite-et-dans-le-respect-des-regles\/#breadcrumb\"},\"inLanguage\":\"fr-FR\",\"potentialAction\":[{\"@type\":\"ReadAction\",\"target\":[\"https:\/\/cyclemadrid.com\/fr\/comment-transporter-son-velo-dans-la-voiture-en-toute-securite-et-dans-le-respect-des-regles\/\"]}]},{\"@type\":\"ImageObject\",\"inLanguage\":\"fr-FR\",\"@id\":\"https:\/\/cyclemadrid.com\/fr\/comment-transporter-son-velo-dans-la-voiture-en-toute-securite-et-dans-le-respect-des-regles\/#primaryimage\",\"url\":\"https:\/\/cyclemadrid.com\/wp-content\/uploads\/2023\/04\/llevar-bicicleta-en-el-coche.jpg\",\"contentUrl\":\"https:\/\/cyclemadrid.com\/wp-content\/uploads\/2023\/04\/llevar-bicicleta-en-el-coche.jpg\",\"width\":1125,\"height\":750},{\"@type\":\"BreadcrumbList\",\"@id\":\"https:\/\/cyclemadrid.com\/fr\/comment-transporter-son-velo-dans-la-voiture-en-toute-securite-et-dans-le-respect-des-regles\/#breadcrumb\",\"itemListElement\":[{\"@type\":\"ListItem\",\"position\":1,\"name\":\"Portada\",\"item\":\"https:\/\/cyclemadrid.com\/fr\/\"},{\"@type\":\"ListItem\",\"position\":2,\"name\":\"Comment transporter son v\u00e9lo dans la voiture en toute s\u00e9curit\u00e9 et dans le respect des r\u00e8gles ?\"}]},{\"@type\":\"WebSite\",\"@id\":\"https:\/\/cyclemadrid.com\/fr\/#website\",\"url\":\"https:\/\/cyclemadrid.com\/fr\/\",\"name\":\"CycleMadrid P\u00e1gina Oficial\",\"description\":\"P\u00e1gina Oficial de CycleMadrid | Tus rutas de Cicloturismo en la Comunidad de Madrid\",\"publisher\":{\"@id\":\"https:\/\/cyclemadrid.com\/fr\/#organization\"},\"potentialAction\":[{\"@type\":\"SearchAction\",\"target\":{\"@type\":\"EntryPoint\",\"urlTemplate\":\"https:\/\/cyclemadrid.com\/fr\/?s={search_term_string}\"},\"query-input\":{\"@type\":\"PropertyValueSpecification\",\"valueRequired\":true,\"valueName\":\"search_term_string\"}}],\"inLanguage\":\"fr-FR\"},{\"@type\":\"Organization\",\"@id\":\"https:\/\/cyclemadrid.com\/fr\/#organization\",\"name\":\"Cyclemadrid\",\"url\":\"https:\/\/cyclemadrid.com\/fr\/\",\"logo\":{\"@type\":\"ImageObject\",\"inLanguage\":\"fr-FR\",\"@id\":\"https:\/\/cyclemadrid.com\/fr\/#\/schema\/logo\/image\/\",\"url\":\"https:\/\/cyclemadrid.com\/wp-content\/uploads\/2023\/07\/cyclemadrid.png\",\"contentUrl\":\"https:\/\/cyclemadrid.com\/wp-content\/uploads\/2023\/07\/cyclemadrid.png\",\"width\":32,\"height\":32,\"caption\":\"Cyclemadrid\"},\"image\":{\"@id\":\"https:\/\/cyclemadrid.com\/fr\/#\/schema\/logo\/image\/\"}},{\"@type\":\"Person\",\"@id\":\"https:\/\/cyclemadrid.com\/fr\/#\/schema\/person\/e9cf886fa4a5ee75580d76f3c645b9bd\",\"name\":\"Ethinking\",\"image\":{\"@type\":\"ImageObject\",\"inLanguage\":\"fr-FR\",\"@id\":\"https:\/\/cyclemadrid.com\/fr\/#\/schema\/person\/image\/\",\"url\":\"https:\/\/secure.gravatar.com\/avatar\/f907bdcd98026ecce16b0b616cb29e9d?s=96&d=mm&r=g\",\"contentUrl\":\"https:\/\/secure.gravatar.com\/avatar\/f907bdcd98026ecce16b0b616cb29e9d?s=96&d=mm&r=g\",\"caption\":\"Ethinking\"}}]}<\/script>\n<!-- \/ Yoast SEO plugin. -->","yoast_head_json":{"title":"Comment transporter son v\u00e9lo en toute s\u00e9curit\u00e9 dans la voiture - CiclaMadrid","description":"Pour \u00e9viter les amendes et les accidents, il est essentiel de transporter correctement son v\u00e9lo. Voici 5 fa\u00e7ons de transporter votre v\u00e9lo dans votre voiture confortablement et l\u00e9galement. Entrer maintenant.","robots":{"index":"index","follow":"follow","max-snippet":"max-snippet:-1","max-image-preview":"max-image-preview:large","max-video-preview":"max-video-preview:-1"},"canonical":"https:\/\/cyclemadrid.com\/fr\/comment-transporter-son-velo-dans-la-voiture-en-toute-securite-et-dans-le-respect-des-regles\/","og_locale":"fr_FR","og_type":"article","og_title":"Comment transporter son v\u00e9lo en toute s\u00e9curit\u00e9 dans la voiture - CiclaMadrid","og_description":"Pour \u00e9viter les amendes et les accidents, il est essentiel de transporter correctement son v\u00e9lo. Voici 5 fa\u00e7ons de transporter votre v\u00e9lo dans votre voiture confortablement et l\u00e9galement. Entrer maintenant.","og_url":"https:\/\/cyclemadrid.com\/fr\/comment-transporter-son-velo-dans-la-voiture-en-toute-securite-et-dans-le-respect-des-regles\/","og_site_name":"CycleMadrid P\u00e1gina Oficial","article_published_time":"2023-11-28T15:30:13+00:00","og_image":[{"width":1125,"height":750,"url":"https:\/\/cyclemadrid.com\/wp-content\/uploads\/2023\/04\/llevar-bicicleta-en-el-coche.jpg","type":"image\/jpeg"}],"author":"Ethinking","twitter_card":"summary_large_image","twitter_misc":{"\u00c9crit par":"Ethinking","Dur\u00e9e de lecture estim\u00e9e":"5 minutes"},"schema":{"@context":"https:\/\/schema.org","@graph":[{"@type":"Article","@id":"https:\/\/cyclemadrid.com\/fr\/comment-transporter-son-velo-dans-la-voiture-en-toute-securite-et-dans-le-respect-des-regles\/#article","isPartOf":{"@id":"https:\/\/cyclemadrid.com\/fr\/comment-transporter-son-velo-dans-la-voiture-en-toute-securite-et-dans-le-respect-des-regles\/"},"author":{"name":"Ethinking","@id":"https:\/\/cyclemadrid.com\/fr\/#\/schema\/person\/e9cf886fa4a5ee75580d76f3c645b9bd"},"headline":"Comment transporter son v\u00e9lo dans la voiture en toute s\u00e9curit\u00e9 et dans le respect des r\u00e8gles ?","datePublished":"2023-11-28T15:30:13+00:00","dateModified":"2023-11-28T15:30:13+00:00","mainEntityOfPage":{"@id":"https:\/\/cyclemadrid.com\/fr\/comment-transporter-son-velo-dans-la-voiture-en-toute-securite-et-dans-le-respect-des-regles\/"},"wordCount":1027,"commentCount":0,"publisher":{"@id":"https:\/\/cyclemadrid.com\/fr\/#organization"},"image":{"@id":"https:\/\/cyclemadrid.com\/fr\/comment-transporter-son-velo-dans-la-voiture-en-toute-securite-et-dans-le-respect-des-regles\/#primaryimage"},"thumbnailUrl":"https:\/\/cyclemadrid.com\/wp-content\/uploads\/2023\/04\/llevar-bicicleta-en-el-coche.jpg","articleSection":["Conseil"],"inLanguage":"fr-FR","potentialAction":[{"@type":"CommentAction","name":"Comment","target":["https:\/\/cyclemadrid.com\/fr\/comment-transporter-son-velo-dans-la-voiture-en-toute-securite-et-dans-le-respect-des-regles\/#respond"]}]},{"@type":"WebPage","@id":"https:\/\/cyclemadrid.com\/fr\/comment-transporter-son-velo-dans-la-voiture-en-toute-securite-et-dans-le-respect-des-regles\/","url":"https:\/\/cyclemadrid.com\/fr\/comment-transporter-son-velo-dans-la-voiture-en-toute-securite-et-dans-le-respect-des-regles\/","name":"Comment transporter son v\u00e9lo en toute s\u00e9curit\u00e9 dans la voiture - CiclaMadrid","isPartOf":{"@id":"https:\/\/cyclemadrid.com\/fr\/#website"},"primaryImageOfPage":{"@id":"https:\/\/cyclemadrid.com\/fr\/comment-transporter-son-velo-dans-la-voiture-en-toute-securite-et-dans-le-respect-des-regles\/#primaryimage"},"image":{"@id":"https:\/\/cyclemadrid.com\/fr\/comment-transporter-son-velo-dans-la-voiture-en-toute-securite-et-dans-le-respect-des-regles\/#primaryimage"},"thumbnailUrl":"https:\/\/cyclemadrid.com\/wp-content\/uploads\/2023\/04\/llevar-bicicleta-en-el-coche.jpg","datePublished":"2023-11-28T15:30:13+00:00","dateModified":"2023-11-28T15:30:13+00:00","description":"Pour \u00e9viter les amendes et les accidents, il est essentiel de transporter correctement son v\u00e9lo. Voici 5 fa\u00e7ons de transporter votre v\u00e9lo dans votre voiture confortablement et l\u00e9galement. Entrer maintenant.","breadcrumb":{"@id":"https:\/\/cyclemadrid.com\/fr\/comment-transporter-son-velo-dans-la-voiture-en-toute-securite-et-dans-le-respect-des-regles\/#breadcrumb"},"inLanguage":"fr-FR","potentialAction":[{"@type":"ReadAction","target":["https:\/\/cyclemadrid.com\/fr\/comment-transporter-son-velo-dans-la-voiture-en-toute-securite-et-dans-le-respect-des-regles\/"]}]},{"@type":"ImageObject","inLanguage":"fr-FR","@id":"https:\/\/cyclemadrid.com\/fr\/comment-transporter-son-velo-dans-la-voiture-en-toute-securite-et-dans-le-respect-des-regles\/#primaryimage","url":"https:\/\/cyclemadrid.com\/wp-content\/uploads\/2023\/04\/llevar-bicicleta-en-el-coche.jpg","contentUrl":"https:\/\/cyclemadrid.com\/wp-content\/uploads\/2023\/04\/llevar-bicicleta-en-el-coche.jpg","width":1125,"height":750},{"@type":"BreadcrumbList","@id":"https:\/\/cyclemadrid.com\/fr\/comment-transporter-son-velo-dans-la-voiture-en-toute-securite-et-dans-le-respect-des-regles\/#breadcrumb","itemListElement":[{"@type":"ListItem","position":1,"name":"Portada","item":"https:\/\/cyclemadrid.com\/fr\/"},{"@type":"ListItem","position":2,"name":"Comment transporter son v\u00e9lo dans la voiture en toute s\u00e9curit\u00e9 et dans le respect des r\u00e8gles ?"}]},{"@type":"WebSite","@id":"https:\/\/cyclemadrid.com\/fr\/#website","url":"https:\/\/cyclemadrid.com\/fr\/","name":"CycleMadrid P\u00e1gina Oficial","description":"P\u00e1gina Oficial de CycleMadrid | Tus rutas de Cicloturismo en la Comunidad de Madrid","publisher":{"@id":"https:\/\/cyclemadrid.com\/fr\/#organization"},"potentialAction":[{"@type":"SearchAction","target":{"@type":"EntryPoint","urlTemplate":"https:\/\/cyclemadrid.com\/fr\/?s={search_term_string}"},"query-input":{"@type":"PropertyValueSpecification","valueRequired":true,"valueName":"search_term_string"}}],"inLanguage":"fr-FR"},{"@type":"Organization","@id":"https:\/\/cyclemadrid.com\/fr\/#organization","name":"Cyclemadrid","url":"https:\/\/cyclemadrid.com\/fr\/","logo":{"@type":"ImageObject","inLanguage":"fr-FR","@id":"https:\/\/cyclemadrid.com\/fr\/#\/schema\/logo\/image\/","url":"https:\/\/cyclemadrid.com\/wp-content\/uploads\/2023\/07\/cyclemadrid.png","contentUrl":"https:\/\/cyclemadrid.com\/wp-content\/uploads\/2023\/07\/cyclemadrid.png","width":32,"height":32,"caption":"Cyclemadrid"},"image":{"@id":"https:\/\/cyclemadrid.com\/fr\/#\/schema\/logo\/image\/"}},{"@type":"Person","@id":"https:\/\/cyclemadrid.com\/fr\/#\/schema\/person\/e9cf886fa4a5ee75580d76f3c645b9bd","name":"Ethinking","image":{"@type":"ImageObject","inLanguage":"fr-FR","@id":"https:\/\/cyclemadrid.com\/fr\/#\/schema\/person\/image\/","url":"https:\/\/secure.gravatar.com\/avatar\/f907bdcd98026ecce16b0b616cb29e9d?s=96&d=mm&r=g","contentUrl":"https:\/\/secure.gravatar.com\/avatar\/f907bdcd98026ecce16b0b616cb29e9d?s=96&d=mm&r=g","caption":"Ethinking"}}]}},"_links":{"self":[{"href":"https:\/\/cyclemadrid.com\/fr\/wp-json\/wp\/v2\/posts\/5832","targetHints":{"allow":["GET"]}}],"collection":[{"href":"https:\/\/cyclemadrid.com\/fr\/wp-json\/wp\/v2\/posts"}],"about":[{"href":"https:\/\/cyclemadrid.com\/fr\/wp-json\/wp\/v2\/types\/post"}],"author":[{"embeddable":true,"href":"https:\/\/cyclemadrid.com\/fr\/wp-json\/wp\/v2\/users\/3"}],"replies":[{"embeddable":true,"href":"https:\/\/cyclemadrid.com\/fr\/wp-json\/wp\/v2\/comments?post=5832"}],"version-history":[{"count":0,"href":"https:\/\/cyclemadrid.com\/fr\/wp-json\/wp\/v2\/posts\/5832\/revisions"}],"wp:featuredmedia":[{"embeddable":true,"href":"https:\/\/cyclemadrid.com\/fr\/wp-json\/wp\/v2\/media\/5833"}],"wp:attachment":[{"href":"https:\/\/cyclemadrid.com\/fr\/wp-json\/wp\/v2\/media?parent=5832"}],"wp:term":[{"taxonomy":"category","embeddable":true,"href":"https:\/\/cyclemadrid.com\/fr\/wp-json\/wp\/v2\/categories?post=5832"},{"taxonomy":"post_tag","embeddable":true,"href":"https:\/\/cyclemadrid.com\/fr\/wp-json\/wp\/v2\/tags?post=5832"}],"curies":[{"name":"wp","href":"https:\/\/api.w.org\/{rel}","templated":true}]}}